{"id":190800,"date":"2018-02-09T13:42:15","date_gmt":"2018-02-09T12:42:15","guid":{"rendered":"https:\/\/www.studiainitalia.com\/?p=190800"},"modified":"2024-05-14T15:56:05","modified_gmt":"2024-05-14T13:56:05","slug":"cursos-de-verano-y-grados-en-moda-y-diseno-en-milan-2018-convocatoria-de-becas-nab","status":"publish","type":"post","link":"https:\/\/www.studiainitalia.com\/es\/blog\/cursos-de-verano-y-grados-en-moda-y-diseno-en-milan-2018-convocatoria-de-becas-nab\/","title":{"rendered":"Cursos de verano y grados en Moda y Dise\u00f1o en Mil\u00e1n 2018: convocatoria de becas NABA"},"content":{"rendered":"\n<p>Studiainitalia se complace en anunciar que NABA, la Academia Internacional de Artes y Dise\u00f1o en Mil\u00e1n, ofrece una <strong>convocatoria de becas a estudiantes internacionales para cursos de grado y cursos de verano<\/strong>. Studiainitalia es agente oficial de esta prestigiosa universidad.<\/p>\n\n\n\n<p>Con el objetivo de incentivar los j\u00f3venes llenos de talento y motivaci\u00f3n, NABA ofrece<strong> 7 becas a cobertura parcial de la matr\u00edcula para los grados\u00a0 de 3 a\u00f1os que empiezan en octubre 2018<\/strong>: Dise\u00f1o, Moda, Escenograf\u00eda, Bellas Artes, Dise\u00f1o Gr\u00e1fico.<\/p>\n\n\n\n<p>NABA ofrece adem\u00e1s\u00a0<strong> 20 becas a cobertura parcial de la matr\u00edcula para los cursos de verano de 2 semanas\u00a0 que empiezan en junio\/julio2018<\/strong>.<\/p>\n\n\n\n<h3 class=\"wp-block-heading\">\u00bfQui\u00e9n puede participar?<\/h3>\n\n\n\n<p>Los estudiantes con un t\u00edtulo de bachillerato para la convocatoria de los grados y estudiantes de 17 a\u00f1os para los cursos de verano.<\/p>\n\n\n\n<h3 class=\"wp-block-heading\">M\u00e1s informaciones<\/h3>\n\n\n\n<p>La fecha l\u00edmite para el env\u00edo de solicitudes es el 2 de marzo de 2018.Las becas se otorgan en base a la evaluaci\u00f3n del portfolio del candidato, carta de presentaci\u00f3n y curriculum vitae. Para conocer todos los requisitos, los materiales a ser enviados, como enviar la solicitud y los t\u00e9rminos legales, visita\u00a0competition.naba.it o escribe a int.info@naba.it\u00a0.<\/p>\n","protected":false},"excerpt":{"rendered":"<p>Studiainitalia se complace en anunciar que NABA, la Academia Internacional de Artes y Dise\u00f1o en Mil\u00e1n, ofrece una convocatoria de becas a estudiantes internacionales para cursos de grado y cursos de verano. Studiainitalia es agente oficial de esta prestigiosa universidad. Con el objetivo de incentivar los j\u00f3venes llenos de talento y motivaci\u00f3n, NABA ofrece 7 [&hellip;]<\/p>\n","protected":false},"author":4,"featured_media":190804,"comment_status":"open","ping_status":"open","sticky":false,"template":"","format":"standard","meta":{"_acf_changed":false,"_uag_custom_page_level_css":"","_kad_blocks_custom_css":"","_kad_blocks_head_custom_js":"","_kad_blocks_body_custom_js":"","_kad_blocks_footer_custom_js":"","site-sidebar-layout":"default","site-content-layout":"","ast-site-content-layout":"default","site-content-style":"default","site-sidebar-style":"default","ast-global-header-display":"","ast-banner-title-visibility":"","ast-main-header-display":"","ast-hfb-above-header-display":"","ast-hfb-below-header-display":"","ast-hfb-mobile-header-display":"","site-post-title":"","ast-breadcrumbs-content":"","ast-featured-img":"","footer-sml-layout":"","ast-disable-related-posts":"","theme-transparent-header-meta":"","adv-header-id-meta":"","stick-header-meta":"","header-above-stick-meta":"","header-main-stick-meta":"","header-below-stick-meta":"","astra-migrate-meta-layouts":"set","ast-page-background-enabled":"default","ast-page-background-meta":{"desktop":{"background-color":"var(--ast-global-color-4)","background-image":"","background-repeat":"repeat","background-position":"center center","background-size":"auto","background-attachment":"scroll","background-type":"","background-media":"","overlay-type":"","overlay-color":"","overlay-opacity":"","overlay-gradient":""},"tablet":{"background-color":"","background-image":"","background-repeat":"repeat","background-position":"center center","background-size":"auto","background-attachment":"scroll","background-type":"","background-media":"","overlay-type":"","overlay-color":"","overlay-opacity":"","overlay-gradient":""},"mobile":{"background-color":"","background-image":"","background-repeat":"repeat","background-position":"center center","background-size":"auto","background-attachment":"scroll","background-type":"","background-media":"","overlay-type":"","overlay-color":"","overlay-opacity":"","overlay-gradient":""}},"ast-content-background-meta":{"desktop":{"background-color":"var(--ast-global-color-5)","background-image":"","background-repeat":"repeat","background-position":"center center","background-size":"auto","background-attachment":"scroll","background-type":"","background-media":"","overlay-type":"","overlay-color":"","overlay-opacity":"","overlay-gradient":""},"tablet":{"background-color":"var(--ast-global-color-5)","background-image":"","background-repeat":"repeat","background-position":"center center","background-size":"auto","background-attachment":"scroll","background-type":"","background-media":"","overlay-type":"","overlay-color":"","overlay-opacity":"","overlay-gradient":""},"mobile":{"background-color":"var(--ast-global-color-5)","background-image":"","background-repeat":"repeat","background-position":"center center","background-size":"auto","background-attachment":"scroll","background-type":"","background-media":"","overlay-type":"","overlay-color":"","overlay-opacity":"","overlay-gradient":""}},"footnotes":""},"categories":[1765],"tags":[1568,1566,1567],"class_list":["post-190800","post","type-post","status-publish","format-standard","has-post-thumbnail","hentry","category-moda-es","tag-becas-2","tag-moda-italiana-fashion","tag-moda-y-diseno-milan"],"acf":[],"taxonomy_info":{"category":[{"value":1765,"label":"Moda"}],"post_tag":[{"value":1568,"label":"becas"},{"value":1566,"label":"Moda italiana; Fashion"},{"value":1567,"label":"moda y dise\u00f1o; Milan"}]},"featured_image_src_large":["https:\/\/www.studiainitalia.com\/wp-content\/uploads\/2023\/01\/naba-open-day_784x0.jpg",784,523,false],"author_info":{"display_name":"Raffaella Monaco","author_link":"https:\/\/www.studiainitalia.com\/es\/author\/raffaella\/"},"comment_info":0,"category_info":[{"term_id":1765,"name":"Moda","slug":"moda-es","term_group":0,"term_taxonomy_id":1765,"taxonomy":"category","description":"","parent":0,"count":14,"filter":"raw","term_order":"0","cat_ID":1765,"category_count":14,"category_description":"","cat_name":"Moda","category_nicename":"moda-es","category_parent":0}],"tag_info":[{"term_id":1568,"name":"becas","slug":"becas-2","term_group":0,"term_taxonomy_id":1568,"taxonomy":"post_tag","description":"","parent":0,"count":3,"filter":"raw","term_order":"0"},{"term_id":1566,"name":"Moda italiana; Fashion","slug":"moda-italiana-fashion","term_group":0,"term_taxonomy_id":1566,"taxonomy":"post_tag","description":"","parent":0,"count":1,"filter":"raw","term_order":"0"},{"term_id":1567,"name":"moda y dise\u00f1o; Milan","slug":"moda-y-diseno-milan","term_group":0,"term_taxonomy_id":1567,"taxonomy":"post_tag","description":"","parent":0,"count":1,"filter":"raw","term_order":"0"}],"uagb_featured_image_src":{"full":["https:\/\/www.studiainitalia.com\/wp-content\/uploads\/2023\/01\/naba-open-day_784x0.jpg",784,523,false],"thumbnail":["https:\/\/www.studiainitalia.com\/wp-content\/uploads\/2023\/01\/naba-open-day_784x0.jpg",128,85,false],"medium":["https:\/\/www.studiainitalia.com\/wp-content\/uploads\/2023\/01\/naba-open-day_784x0.jpg",784,523,false],"medium_large":["https:\/\/www.studiainitalia.com\/wp-content\/uploads\/2023\/01\/naba-open-day_784x0-768x512.jpg",768,512,true],"large":["https:\/\/www.studiainitalia.com\/wp-content\/uploads\/2023\/01\/naba-open-day_784x0.jpg",784,523,false],"1536x1536":["https:\/\/www.studiainitalia.com\/wp-content\/uploads\/2023\/01\/naba-open-day_784x0.jpg",784,523,false],"2048x2048":["https:\/\/www.studiainitalia.com\/wp-content\/uploads\/2023\/01\/naba-open-day_784x0.jpg",784,523,false],"ultp_layout_landscape_large":["https:\/\/www.studiainitalia.com\/wp-content\/uploads\/2023\/01\/naba-open-day_784x0.jpg",784,523,false],"ultp_layout_landscape":["https:\/\/www.studiainitalia.com\/wp-content\/uploads\/2023\/01\/naba-open-day_784x0.jpg",784,523,false],"ultp_layout_portrait":["https:\/\/www.studiainitalia.com\/wp-content\/uploads\/2023\/01\/naba-open-day_784x0-600x523.jpg",600,523,true],"ultp_layout_square":["https:\/\/www.studiainitalia.com\/wp-content\/uploads\/2023\/01\/naba-open-day_784x0-600x523.jpg",600,523,true],"gform-image-choice-sm":["https:\/\/www.studiainitalia.com\/wp-content\/uploads\/2023\/01\/naba-open-day_784x0.jpg",300,200,false],"gform-image-choice-md":["https:\/\/www.studiainitalia.com\/wp-content\/uploads\/2023\/01\/naba-open-day_784x0.jpg",400,267,false],"gform-image-choice-lg":["https:\/\/www.studiainitalia.com\/wp-content\/uploads\/2023\/01\/naba-open-day_784x0.jpg",600,400,false],"woocommerce_thumbnail":["https:\/\/www.studiainitalia.com\/wp-content\/uploads\/2023\/01\/naba-open-day_784x0-300x300.jpg",300,300,true],"woocommerce_single":["https:\/\/www.studiainitalia.com\/wp-content\/uploads\/2023\/01\/naba-open-day_784x0-400x267.jpg",400,267,true],"woocommerce_gallery_thumbnail":["https:\/\/www.studiainitalia.com\/wp-content\/uploads\/2023\/01\/naba-open-day_784x0-100x100.jpg",100,100,true],"yarpp-thumbnail":["https:\/\/www.studiainitalia.com\/wp-content\/uploads\/2023\/01\/naba-open-day_784x0-120x120.jpg",120,120,true]},"uagb_author_info":{"display_name":"Raffaella Monaco","author_link":"https:\/\/www.studiainitalia.com\/es\/author\/raffaella\/"},"uagb_comment_info":0,"uagb_excerpt":"Studiainitalia se complace en anunciar que NABA, la Academia Internacional de Artes y Dise\u00f1o en Mil\u00e1n, ofrece una convocatoria de becas a estudiantes internacionales para cursos de grado y cursos de verano. Studiainitalia es agente oficial de esta prestigiosa universidad. Con el objetivo de incentivar los j\u00f3venes llenos de talento y motivaci\u00f3n, NABA ofrece 7&hellip;","_links":{"self":[{"href":"https:\/\/www.studiainitalia.com\/es\/wp-json\/wp\/v2\/posts\/190800","targetHints":{"allow":["GET"]}}],"collection":[{"href":"https:\/\/www.studiainitalia.com\/es\/wp-json\/wp\/v2\/posts"}],"about":[{"href":"https:\/\/www.studiainitalia.com\/es\/wp-json\/wp\/v2\/types\/post"}],"author":[{"embeddable":true,"href":"https:\/\/www.studiainitalia.com\/es\/wp-json\/wp\/v2\/users\/4"}],"replies":[{"embeddable":true,"href":"https:\/\/www.studiainitalia.com\/es\/wp-json\/wp\/v2\/comments?post=190800"}],"version-history":[{"count":0,"href":"https:\/\/www.studiainitalia.com\/es\/wp-json\/wp\/v2\/posts\/190800\/revisions"}],"wp:featuredmedia":[{"embeddable":true,"href":"https:\/\/www.studiainitalia.com\/es\/wp-json\/wp\/v2\/media\/190804"}],"wp:attachment":[{"href":"https:\/\/www.studiainitalia.com\/es\/wp-json\/wp\/v2\/media?parent=190800"}],"wp:term":[{"taxonomy":"category","embeddable":true,"href":"https:\/\/www.studiainitalia.com\/es\/wp-json\/wp\/v2\/categories?post=190800"},{"taxonomy":"post_tag","embeddable":true,"href":"https:\/\/www.studiainitalia.com\/es\/wp-json\/wp\/v2\/tags?post=190800"}],"curies":[{"name":"wp","href":"https:\/\/api.w.org\/{rel}","templated":true}]}}