{"id":190989,"date":"2021-01-04T14:01:58","date_gmt":"2021-01-04T13:01:58","guid":{"rendered":"https:\/\/www.studiainitalia.com\/?p=190989"},"modified":"2024-10-25T14:46:59","modified_gmt":"2024-10-25T12:46:59","slug":"les-evenements-culturels-en-italie-en-2021","status":"publish","type":"post","link":"https:\/\/www.studiainitalia.com\/fr\/blog\/les-evenements-culturels-en-italie-en-2021\/","title":{"rendered":"Les \u00e9v\u00e9nements culturels en Italie en 2021"},"content":{"rendered":"<p>L&rsquo;Italie marquera le 700e anniversaire de la mort du po\u00e8te et philosophe m\u00e9di\u00e9val Dante Alighieri, connu comme le P\u00e8re de la langue italienne, par une s\u00e9rie d&rsquo;\u00e9v\u00e9nements en 2021. L&rsquo;une des initiatives les plus int\u00e9ressantes et les plus innovantes est la cr\u00e9ation du <strong><strong>Mus\u00e9e de la langue italienne<\/strong><\/strong> \u00e0 Florence, plus pr\u00e9cis\u00e9ment dans une aile du complexe S. Maria Novella, qui a jou\u00e9 un r\u00f4le d\u00e9cisif dans les \u00e9tudes de Dante et dans son chef-d&rsquo;\u0153uvre La Divine Com\u00e9die. Le mus\u00e9e pr\u00e9sentera l&rsquo;histoire et l&rsquo;\u00e9volution de la langue italienne et c\u00e9l\u00e9brera les grands \u00e9crivains italiens, dont Boccace, P\u00e9trarque et Machiavel. Le mus\u00e9e lui-m\u00eame ne sera probablement pas pr\u00eat d&rsquo;ici la fin 2021, mais deux \u00e9v\u00e9nements marqueront symboliquement le chemin vers le futur mus\u00e9e, selon <a href=\"https:\/\/accademiadellacrusca.it\/Media?c=ee58ab72-7e50-4c5e-a7a0-9c699488d6fb\" target=\"_blank\" rel=\"noopener\">Nicoletta Maraschio<\/a>, pr\u00e9sidente honoraire de l&rsquo;Accademia della Crusca. Le premier aura lieu le 25 mars 2021, o\u00f9 une sorte de salle virtuelle pr\u00e9sentera le grand projet en ligne. Le second \u00e9v\u00e9nement est pr\u00e9vu en septembre dans la salle gothique du r\u00e9fectoire du complexe de Santa Maria Novella, dans un espace adjacent au futur mus\u00e9e. Il y aura une exposition avec des mat\u00e9riaux de diff\u00e9rentes sortes, y compris des peintures et des retables avec des vers de Dante, tous d\u00e9di\u00e9s au P\u00e8re de la langue italienne et au XVIe si\u00e8cle. A <a href=\"https:\/\/lagallerianazionale.com\/\" target=\"_blank\" rel=\"noopener\">La Galerie nationale d&rsquo;art moderne et contemporain<\/a> de Rome accueillera l&rsquo;exposition \u00ab\u00a0<strong><em>Io<\/em> dico Io &#8211; Je dis I\u00a0\u00bb <\/strong>\u00a0\u00bb du 23 mars au 27 juin 2021. Organis\u00e9e par Cecilia Canziani, Lara Conte et Paola Ugolini, l&rsquo;exposition rassemble des femmes artistes italiennes de diff\u00e9rentes g\u00e9n\u00e9rations qui, dans des contextes historiques et sociaux diff\u00e9rents, ont racont\u00e9 leur aventure en qu\u00eate d&rsquo;authenticit\u00e9.Le Mausol\u00e9e d&rsquo;Auguste rouvrira au public le 1er mars 2021. C&rsquo;est l&rsquo;une des \u0153uvres architecturales les plus impressionnantes de l&rsquo;\u00e9poque romaine et le plus grand tombeau circulaire de l&rsquo;Antiquit\u00e9. Il a \u00e9t\u00e9 ferm\u00e9 en 2007 pour des recherches arch\u00e9ologiques et restauration. Des visites gratuites seront disponibles du 1er mars au 21 avril 2021 <a href=\"https:\/\/www.mausoleodiaugusto.it\/it\/booking\/\" target=\"_blank\" rel=\"noopener\">si vous r\u00e9servez sur le site officiel<\/a>. La Biennale di Venezia a diff\u00e9rentes expositions et festivals pr\u00e9vus pour 2021:<\/p>\n<ul>\n<li>La 17e exposition internationale d&rsquo;architecture, intitul\u00e9e \u00ab\u00a0Comment allons-nous vivre ensemble\u00a0\u00bb, organis\u00e9e par Hashim Sarkis, du 22 mai au 21 novembre. D&rsquo;ici l\u00e0, vous pouvez avoir un aper\u00e7u de cet \u00e9v\u00e9nement en suivant les mises \u00e0 jour r\u00e9guli\u00e8res sur le site web et les plateformes de m\u00e9dias sociaux de la <a href=\"https:\/\/www.labiennale.org\/en\" target=\"_blank\" rel=\"noopener\">Biennale de Venise<\/a>, avec des interviews et autres avant-premi\u00e8res exclusives en ligne.<\/li>\n<li>Le 49e Festival international de th\u00e9\u00e2tre, dirig\u00e9 par Stefano Ricci et Gianni Forte, du 2 au 11 juillet<\/li>\n<li>Le 15e Festival international de danse contemporaine, dirig\u00e9 par Wayne McGregor, du 23 juillet au 1er ao\u00fbt<\/li>\n<li>Le 78e Festival international du film de Venise, dirig\u00e9 par Alberto Barbera, du 1er au 11 septembre<\/li>\n<li>Le 65e Festival international de musique contemporaine, dirig\u00e9 par Lucia Ronchetti, du 17 au 26 septembre<\/li>\n<\/ul>\n<p><strong><strong>\u00a0 <\/strong><\/strong><\/p>\n","protected":false},"excerpt":{"rendered":"<p>L&rsquo;Italie marquera le 700e anniversaire de la mort du po\u00e8te et philosophe m\u00e9di\u00e9val Dante Alighieri, connu comme le P\u00e8re de la langue italienne, par une s\u00e9rie d&rsquo;\u00e9v\u00e9nements en 2021. L&rsquo;une des initiatives les plus int\u00e9ressantes et les plus innovantes est la cr\u00e9ation du Mus\u00e9e de la langue italienne \u00e0 Florence, plus pr\u00e9cis\u00e9ment dans une aile [&hellip;]<\/p>\n","protected":false},"author":4,"featured_media":189966,"comment_status":"open","ping_status":"open","sticky":false,"template":"","format":"standard","meta":{"_acf_changed":false,"_uag_custom_page_level_css":"","_kad_blocks_custom_css":"","_kad_blocks_head_custom_js":"","_kad_blocks_body_custom_js":"","_kad_blocks_footer_custom_js":"","site-sidebar-layout":"default","site-content-layout":"","ast-site-content-layout":"default","site-content-style":"default","site-sidebar-style":"default","ast-global-header-display":"","ast-banner-title-visibility":"","ast-main-header-display":"","ast-hfb-above-header-display":"","ast-hfb-below-header-display":"","ast-hfb-mobile-header-display":"","site-post-title":"","ast-breadcrumbs-content":"","ast-featured-img":"","footer-sml-layout":"","ast-disable-related-posts":"","theme-transparent-header-meta":"","adv-header-id-meta":"","stick-header-meta":"","header-above-stick-meta":"","header-main-stick-meta":"","header-below-stick-meta":"","astra-migrate-meta-layouts":"set","ast-page-background-enabled":"default","ast-page-background-meta":{"desktop":{"background-color":"var(--ast-global-color-4)","background-image":"","background-repeat":"repeat","background-position":"center center","background-size":"auto","background-attachment":"scroll","background-type":"","background-media":"","overlay-type":"","overlay-color":"","overlay-opacity":"","overlay-gradient":""},"tablet":{"background-color":"","background-image":"","background-repeat":"repeat","background-position":"center center","background-size":"auto","background-attachment":"scroll","background-type":"","background-media":"","overlay-type":"","overlay-color":"","overlay-opacity":"","overlay-gradient":""},"mobile":{"background-color":"","background-image":"","background-repeat":"repeat","background-position":"center center","background-size":"auto","background-attachment":"scroll","background-type":"","background-media":"","overlay-type":"","overlay-color":"","overlay-opacity":"","overlay-gradient":""}},"ast-content-background-meta":{"desktop":{"background-color":"var(--ast-global-color-5)","background-image":"","background-repeat":"repeat","background-position":"center center","background-size":"auto","background-attachment":"scroll","background-type":"","background-media":"","overlay-type":"","overlay-color":"","overlay-opacity":"","overlay-gradient":""},"tablet":{"background-color":"var(--ast-global-color-5)","background-image":"","background-repeat":"repeat","background-position":"center center","background-size":"auto","background-attachment":"scroll","background-type":"","background-media":"","overlay-type":"","overlay-color":"","overlay-opacity":"","overlay-gradient":""},"mobile":{"background-color":"var(--ast-global-color-5)","background-image":"","background-repeat":"repeat","background-position":"center center","background-size":"auto","background-attachment":"scroll","background-type":"","background-media":"","overlay-type":"","overlay-color":"","overlay-opacity":"","overlay-gradient":""}},"footnotes":""},"categories":[1786,1815],"tags":[],"class_list":["post-190989","post","type-post","status-publish","format-standard","has-post-thumbnail","hentry","category-arts-fr","category-italian-destinations-fr"],"acf":[],"taxonomy_info":{"category":[{"value":1786,"label":"Art"},{"value":1815,"label":"Destinations italiennes"}]},"featured_image_src_large":["https:\/\/www.studiainitalia.com\/wp-content\/uploads\/2023\/01\/cultural-events-in-italy-2021-1.jpg",780,330,false],"author_info":{"display_name":"Raffaella Monaco","author_link":"https:\/\/www.studiainitalia.com\/fr\/author\/raffaella\/"},"comment_info":0,"category_info":[{"term_id":1786,"name":"Art","slug":"arts-fr","term_group":0,"term_taxonomy_id":1785,"taxonomy":"category","description":"This is a custom category page for Arts.","parent":0,"count":10,"filter":"raw","term_order":"0","cat_ID":1786,"category_count":10,"category_description":"This is a custom category page for Arts.","cat_name":"Art","category_nicename":"arts-fr","category_parent":0},{"term_id":1815,"name":"Destinations italiennes","slug":"italian-destinations-fr","term_group":0,"term_taxonomy_id":1815,"taxonomy":"category","description":"","parent":0,"count":19,"filter":"raw","term_order":"0","cat_ID":1815,"category_count":19,"category_description":"","cat_name":"Destinations italiennes","category_nicename":"italian-destinations-fr","category_parent":0}],"tag_info":false,"uagb_featured_image_src":{"full":["https:\/\/www.studiainitalia.com\/wp-content\/uploads\/2023\/01\/cultural-events-in-italy-2021-1.jpg",780,330,false],"thumbnail":["https:\/\/www.studiainitalia.com\/wp-content\/uploads\/2023\/01\/cultural-events-in-italy-2021-1.jpg",128,54,false],"medium":["https:\/\/www.studiainitalia.com\/wp-content\/uploads\/2023\/01\/cultural-events-in-italy-2021-1.jpg",780,330,false],"medium_large":["https:\/\/www.studiainitalia.com\/wp-content\/uploads\/2023\/01\/cultural-events-in-italy-2021-1-768x325.jpg",768,325,true],"large":["https:\/\/www.studiainitalia.com\/wp-content\/uploads\/2023\/01\/cultural-events-in-italy-2021-1.jpg",780,330,false],"1536x1536":["https:\/\/www.studiainitalia.com\/wp-content\/uploads\/2023\/01\/cultural-events-in-italy-2021-1.jpg",780,330,false],"2048x2048":["https:\/\/www.studiainitalia.com\/wp-content\/uploads\/2023\/01\/cultural-events-in-italy-2021-1.jpg",780,330,false],"ultp_layout_landscape_large":["https:\/\/www.studiainitalia.com\/wp-content\/uploads\/2023\/01\/cultural-events-in-italy-2021-1.jpg",780,330,false],"ultp_layout_landscape":["https:\/\/www.studiainitalia.com\/wp-content\/uploads\/2023\/01\/cultural-events-in-italy-2021-1.jpg",780,330,false],"ultp_layout_portrait":["https:\/\/www.studiainitalia.com\/wp-content\/uploads\/2023\/01\/cultural-events-in-italy-2021-1-600x330.jpg",600,330,true],"ultp_layout_square":["https:\/\/www.studiainitalia.com\/wp-content\/uploads\/2023\/01\/cultural-events-in-italy-2021-1-600x330.jpg",600,330,true],"gform-image-choice-sm":["https:\/\/www.studiainitalia.com\/wp-content\/uploads\/2023\/01\/cultural-events-in-italy-2021-1.jpg",300,127,false],"gform-image-choice-md":["https:\/\/www.studiainitalia.com\/wp-content\/uploads\/2023\/01\/cultural-events-in-italy-2021-1.jpg",400,169,false],"gform-image-choice-lg":["https:\/\/www.studiainitalia.com\/wp-content\/uploads\/2023\/01\/cultural-events-in-italy-2021-1.jpg",600,254,false],"woocommerce_thumbnail":["https:\/\/www.studiainitalia.com\/wp-content\/uploads\/2023\/01\/cultural-events-in-italy-2021-1-300x300.jpg",300,300,true],"woocommerce_single":["https:\/\/www.studiainitalia.com\/wp-content\/uploads\/2023\/01\/cultural-events-in-italy-2021-1-400x169.jpg",400,169,true],"woocommerce_gallery_thumbnail":["https:\/\/www.studiainitalia.com\/wp-content\/uploads\/2023\/01\/cultural-events-in-italy-2021-1-100x100.jpg",100,100,true],"yarpp-thumbnail":["https:\/\/www.studiainitalia.com\/wp-content\/uploads\/2023\/01\/cultural-events-in-italy-2021-1-120x120.jpg",120,120,true]},"uagb_author_info":{"display_name":"Raffaella Monaco","author_link":"https:\/\/www.studiainitalia.com\/fr\/author\/raffaella\/"},"uagb_comment_info":0,"uagb_excerpt":"L&rsquo;Italie marquera le 700e anniversaire de la mort du po\u00e8te et philosophe m\u00e9di\u00e9val Dante Alighieri, connu comme le P\u00e8re de la langue italienne, par une s\u00e9rie d&rsquo;\u00e9v\u00e9nements en 2021. L&rsquo;une des initiatives les plus int\u00e9ressantes et les plus innovantes est la cr\u00e9ation du Mus\u00e9e de la langue italienne \u00e0 Florence, plus pr\u00e9cis\u00e9ment dans une aile\u2026","_links":{"self":[{"href":"https:\/\/www.studiainitalia.com\/fr\/wp-json\/wp\/v2\/posts\/190989","targetHints":{"allow":["GET"]}}],"collection":[{"href":"https:\/\/www.studiainitalia.com\/fr\/wp-json\/wp\/v2\/posts"}],"about":[{"href":"https:\/\/www.studiainitalia.com\/fr\/wp-json\/wp\/v2\/types\/post"}],"author":[{"embeddable":true,"href":"https:\/\/www.studiainitalia.com\/fr\/wp-json\/wp\/v2\/users\/4"}],"replies":[{"embeddable":true,"href":"https:\/\/www.studiainitalia.com\/fr\/wp-json\/wp\/v2\/comments?post=190989"}],"version-history":[{"count":0,"href":"https:\/\/www.studiainitalia.com\/fr\/wp-json\/wp\/v2\/posts\/190989\/revisions"}],"wp:featuredmedia":[{"embeddable":true,"href":"https:\/\/www.studiainitalia.com\/fr\/wp-json\/wp\/v2\/media\/189966"}],"wp:attachment":[{"href":"https:\/\/www.studiainitalia.com\/fr\/wp-json\/wp\/v2\/media?parent=190989"}],"wp:term":[{"taxonomy":"category","embeddable":true,"href":"https:\/\/www.studiainitalia.com\/fr\/wp-json\/wp\/v2\/categories?post=190989"},{"taxonomy":"post_tag","embeddable":true,"href":"https:\/\/www.studiainitalia.com\/fr\/wp-json\/wp\/v2\/tags?post=190989"}],"curies":[{"name":"wp","href":"https:\/\/api.w.org\/{rel}","templated":true}]}}